{"id":4230,"date":"2026-04-28T17:26:02","date_gmt":"2026-04-28T15:26:02","guid":{"rendered":"https:\/\/eldestaque.es\/?p=4230"},"modified":"2026-04-28T17:26:03","modified_gmt":"2026-04-28T15:26:03","slug":"maxi-espindola-debuta-en-niceto-sold-out-y-grandes-emociones","status":"publish","type":"post","link":"https:\/\/eldestaque.es\/index.php\/2026\/04\/28\/maxi-espindola-debuta-en-niceto-sold-out-y-grandes-emociones\/","title":{"rendered":"Maxi Espindola debuta en Niceto: sold out y grandes emociones\u00a0"},"content":{"rendered":"\n<p>El pasado s\u00e1bado,&nbsp;<strong>Maxi Espindola&nbsp;<\/strong>dio un paso clave en su carrera al presentarse por primera vez en vivo como solista en Niceto, en un show completamente&nbsp;<strong>agotado<\/strong>&nbsp;que marc\u00f3 un antes y un despu\u00e9s en su recorrido art\u00edstico. Con una sala colmada y un p\u00fablico que acompa\u00f1\u00f3 cada momento, la noche se convirti\u00f3 en una verdadera celebraci\u00f3n del v\u00ednculo que el artista viene construyendo con sus fans desde hace ya mucho tiempo.<\/p>\n\n\n\n<p>En ese mismo marco, y tras la gran respuesta del p\u00fablico, Maxi anunci\u00f3 una nueva fecha en Niceto para el pr\u00f3ximo&nbsp;<strong>27 de mayo<\/strong>. Las entradas est\u00e1n disponibles&nbsp;<a href=\"https:\/\/marisaaprensa.tr.pemsv11.net\/c\/eyJhIjoibWFyaXNhYXByZW5zYSIsIm0iOiJtYWlsX2Ntb2lxYnl5aDB4ODcwYTE4emRkcTI3Z2giLCJsIjoibGlua19iOGFlYmNmZjBiMGE1MjEwM2ZmNzY1ZGVkYmRhY2FlMWRlZjI0MzYwXzUxMmE0ZSIsImkiOltdLCJ1IjoiaHR0cHM6Ly92ZW50aS5jb20uYXIvZXZlbnRvL21heGktZXNwaW5kb2xhP3V0bV9zb3VyY2U9aWcmdXRtX21lZGl1bT1zb2NpYWwmdXRtX2NvbnRlbnQ9bGlua19pbl9iaW8mZmJjbGlkPVBBWlhoMGJnTmhaVzBDTVRFQWMzSjBZd1poY0hCZmFXUU1NalUyTWpneE1EUXdOVFU0QUFHbnlFOC1HYUVJM3c5VThuSTVjNDRRNk9yMVpVQ01FZnRreVhDLXFmWlM0ZDFNeW5CTWdGUUxreVhhUWw0X2FlbV82Y2FKR19lWEZndUt4YVp3aDJvN1lnJnV0bV9jYW1wYWlnbj1NQVhJJTIwRVNQSU5ET0xBJTIwLSUyMFBPU1QlMjBTSE9XJTIwTklDRVRPIiwiYyI6IiIsImgiOiIzYzA5NjMifQ\" target=\"_blank\" rel=\"noreferrer noopener\">AQU\u00cd<\/a><\/p>\n\n\n\n<p>Uno de los momentos m\u00e1s destacados de la noche lleg\u00f3 con la aparici\u00f3n sorpresa de su amiga Tini Stoessel, quien se sum\u00f3 al escenario para interpretar en vivo \u201cTe pido \u201d. El p\u00fablico estall\u00f3 en euforia, generando uno de los picos m\u00e1s altos de la noche.<\/p>\n\n\n\n<p>El show fue un recorrido emotivo y en\u00e9rgico por las canciones que ya forman parte de su nueva etapa solista, esas que comenzaron a ganarse un lugar en la vida de su p\u00fablico y que, en vivo, tomaron una dimensi\u00f3n a\u00fan m\u00e1s especial. Desde la apertura con \u201cEstrella fugaz\u201d hasta el cierre con \u201cMorning\u201d, Maxi sostuvo un ambiente cercano y cargado de emoci\u00f3n.<\/p>\n\n\n\n<p>A lo largo del concierto, el artista fue desplegando distintas facetas musicales, alternando momentos de intensidad con pasajes m\u00e1s \u00edntimos, como el segmento al piano donde interpret\u00f3 \u201cSoledad\u201d, un single in\u00e9dito, y \u201cYo quer\u00eda\u201d. El setlist tambi\u00e9n incluy\u00f3 versiones y reversiones que sorprendieron al p\u00fablico.<\/p>\n\n\n\n<p>El show tambi\u00e9n cont\u00f3 con la participaci\u00f3n de Fran Rizzaro en \u201cNada es lo mismo \u201d, sumando matices y colaboraciones que enriquecieron la propuesta.<\/p>\n\n\n\n<p>Adem\u00e1s, entre los momentos m\u00e1s especiales de la noche se destac\u00f3 una propuesta de matrimonio en vivo que sorprendi\u00f3 a todo el p\u00fablico. Fue un fan que durante seis meses le escribi\u00f3 a Maxi todos los d\u00edas a trav\u00e9s de Instagram para proponerle casamiento a su novia. La propuesta tuvo un final feliz y se convirti\u00f3 en uno de los instantes m\u00e1s emotivos del show.<\/p>\n\n\n\n<p>Este primer show en Niceto sold out fue una noche cargada de emoci\u00f3n, sorpresas y conexi\u00f3n genuina, que sell\u00f3 definitivamente el lazo de Maxi con su p\u00fablico<\/p>\n","protected":false},"excerpt":{"rendered":"<p>El pasado s\u00e1bado,&nbsp;Maxi Espindola&nbsp;dio un paso clave en su carrera al presentarse por primera vez en vivo como solista en Niceto, en un show completamente&nbsp;agotado&nbsp;que marc\u00f3 un antes y un despu\u00e9s en su recorrido art\u00edstico. Con una sala colmada y un p\u00fablico que acompa\u00f1\u00f3 cada momento, la noche se convirti\u00f3 en una verdadera celebraci\u00f3n del [&hellip;]<\/p>\n","protected":false},"author":2,"featured_media":4231,"comment_status":"open","ping_status":"open","sticky":false,"template":"","format":"standard","meta":{"jnews-multi-image_gallery":[],"jnews_single_post":{"format":"standard"},"jnews_primary_category":[],"footnotes":""},"categories":[58],"tags":[],"class_list":["post-4230","post","type-post","status-publish","format-standard","has-post-thumbnail","hentry","category-musica"],"aioseo_notices":[],"_links":{"self":[{"href":"https:\/\/eldestaque.es\/index.php\/wp-json\/wp\/v2\/posts\/4230","targetHints":{"allow":["GET"]}}],"collection":[{"href":"https:\/\/eldestaque.es\/index.php\/wp-json\/wp\/v2\/posts"}],"about":[{"href":"https:\/\/eldestaque.es\/index.php\/wp-json\/wp\/v2\/types\/post"}],"author":[{"embeddable":true,"href":"https:\/\/eldestaque.es\/index.php\/wp-json\/wp\/v2\/users\/2"}],"replies":[{"embeddable":true,"href":"https:\/\/eldestaque.es\/index.php\/wp-json\/wp\/v2\/comments?post=4230"}],"version-history":[{"count":1,"href":"https:\/\/eldestaque.es\/index.php\/wp-json\/wp\/v2\/posts\/4230\/revisions"}],"predecessor-version":[{"id":4232,"href":"https:\/\/eldestaque.es\/index.php\/wp-json\/wp\/v2\/posts\/4230\/revisions\/4232"}],"wp:featuredmedia":[{"embeddable":true,"href":"https:\/\/eldestaque.es\/index.php\/wp-json\/wp\/v2\/media\/4231"}],"wp:attachment":[{"href":"https:\/\/eldestaque.es\/index.php\/wp-json\/wp\/v2\/media?parent=4230"}],"wp:term":[{"taxonomy":"category","embeddable":true,"href":"https:\/\/eldestaque.es\/index.php\/wp-json\/wp\/v2\/categories?post=4230"},{"taxonomy":"post_tag","embeddable":true,"href":"https:\/\/eldestaque.es\/index.php\/wp-json\/wp\/v2\/tags?post=4230"}],"curies":[{"name":"wp","href":"https:\/\/api.w.org\/{rel}","templated":true}]}}