{"id":4221,"date":"2026-04-27T17:59:10","date_gmt":"2026-04-27T15:59:10","guid":{"rendered":"https:\/\/eldestaque.es\/?p=4221"},"modified":"2026-04-27T18:00:56","modified_gmt":"2026-04-27T16:00:56","slug":"diego-torres-conquista-espana-con-mi-norte-y-mi-sur-tour","status":"publish","type":"post","link":"https:\/\/eldestaque.es\/index.php\/2026\/04\/27\/diego-torres-conquista-espana-con-mi-norte-y-mi-sur-tour\/","title":{"rendered":"Diego Torres conquista Espa\u00f1a con \u201cMi Norte y Mi Sur Tour\u201d"},"content":{"rendered":"\n<p>El 2026 encuentra a Diego Torres en uno de los momentos m\u00e1s s\u00f3lidos de su carrera. Con una gira arrolladora por Espa\u00f1a, el artista reafirma su lugar como una de las voces m\u00e1s queridas de la m\u00fasica en espa\u00f1ol y se prepara para continuar este recorrido internacional con fechas en Latinoam\u00e9rica.<\/p>\n\n\n\n<p>El \u201cMi Norte y Mi Sur Tour\u201d comenz\u00f3 el 8 de abril en Madrid, marcando el inicio de una serie de presentaciones que r\u00e1pidamente se convirtieron en un verdadero \u00e9xito. A lo largo de su paso por ciudades como Mallorca, Murcia, Barcelona, Sevilla, La Palma y Valencia, Diego ofreci\u00f3 shows cargados de emoci\u00f3n, cercan\u00eda y una conexi\u00f3n \u00fanica con el p\u00fablico, que respondi\u00f3 con salas colmadas y una energ\u00eda inigualable en cada noche.<\/p>\n\n\n\n<p>Esta gira se enmarca en la presentaci\u00f3n de su m\u00e1s reciente trabajo discogr\u00e1fico, \u201cMi Norte y Mi Sur \u201d, un \u00e1lbum que durante 2025 se consolid\u00f3 como uno de los hitos de su carrera. Se trata de su disco n\u00famero 15, entre \u00e1lbumes de estudio, en vivo y recopilaciones, una obra que refleja su identidad art\u00edstica, su madurez creativa y su constante evoluci\u00f3n. En este material, Diego propone un viaje entre ra\u00edces y nuevos horizontes, conectando emociones universales con sonidos actuales y una impronta profundamente personal.<\/p>\n\n\n\n<p>Canciones como \u201c Trepando Paredes\u201d, junto a Miranda!, y \u201cMejor Que Ayer\u201d lograron una fuerte presencia en los rankings radiales, posicion\u00e1ndose entre los temas m\u00e1s escuchados de 2025 y reafirmando el v\u00ednculo inquebrantable del artista con su p\u00fablico.<\/p>\n\n\n\n<p>Tras este exitoso paso por Espa\u00f1a, la gira continuar\u00e1 en mayo con presentaciones en M\u00e9xico, incluyendo Monterrey, Ciudad de M\u00e9xico y Guadalajara. Luego, en junio, el tour llegar\u00e1 a Buenos Aires para dos noches muy especiales en el Movistar Arena el 5 de junio ya agotado y el 6 de junio con \u00faltimas entradas disponibles.<\/p>\n\n\n\n<p>Con una carrera que no deja de crecer y un repertorio que atraviesa generaciones, Diego Torres sigue demostrando que su m\u00fasica no conoce fronteras, llevando su \u201cnorte\u201d y su \u201csur\u201d a cada rinc\u00f3n del mundo.<\/p>\n\n\n\n<p><strong>Pr\u00f3ximas fechas:<\/strong><\/p>\n\n\n\n<p><strong>01 Ago<\/strong>&nbsp;\u2013 Lima, PR<br><strong>20 May<\/strong>&nbsp;\u2013 Monterrey, MX<br><strong>21 May<\/strong>&nbsp;\u2013 Ciudad de Mexico, MX<br><strong>22 May<\/strong>&nbsp;\u2013 Guadalajara, MX<br><strong>05 Jun<\/strong>&nbsp;\u2013 Buenos Aires, ARG (<strong>Agotado<\/strong>)<br><strong>06 Jun<\/strong>&nbsp;\u2013 Buenos Aires, ARG<\/p>\n","protected":false},"excerpt":{"rendered":"<p>El 2026 encuentra a Diego Torres en uno de los momentos m\u00e1s s\u00f3lidos de su carrera. Con una gira arrolladora por Espa\u00f1a, el artista reafirma su lugar como una de las voces m\u00e1s queridas de la m\u00fasica en espa\u00f1ol y se prepara para continuar este recorrido internacional con fechas en Latinoam\u00e9rica. El \u201cMi Norte y [&hellip;]<\/p>\n","protected":false},"author":2,"featured_media":4223,"comment_status":"open","ping_status":"open","sticky":false,"template":"","format":"standard","meta":{"jnews-multi-image_gallery":[],"jnews_single_post":{"format":"standard"},"jnews_primary_category":[],"footnotes":""},"categories":[58],"tags":[],"class_list":["post-4221","post","type-post","status-publish","format-standard","has-post-thumbnail","hentry","category-musica"],"aioseo_notices":[],"_links":{"self":[{"href":"https:\/\/eldestaque.es\/index.php\/wp-json\/wp\/v2\/posts\/4221","targetHints":{"allow":["GET"]}}],"collection":[{"href":"https:\/\/eldestaque.es\/index.php\/wp-json\/wp\/v2\/posts"}],"about":[{"href":"https:\/\/eldestaque.es\/index.php\/wp-json\/wp\/v2\/types\/post"}],"author":[{"embeddable":true,"href":"https:\/\/eldestaque.es\/index.php\/wp-json\/wp\/v2\/users\/2"}],"replies":[{"embeddable":true,"href":"https:\/\/eldestaque.es\/index.php\/wp-json\/wp\/v2\/comments?post=4221"}],"version-history":[{"count":1,"href":"https:\/\/eldestaque.es\/index.php\/wp-json\/wp\/v2\/posts\/4221\/revisions"}],"predecessor-version":[{"id":4222,"href":"https:\/\/eldestaque.es\/index.php\/wp-json\/wp\/v2\/posts\/4221\/revisions\/4222"}],"wp:featuredmedia":[{"embeddable":true,"href":"https:\/\/eldestaque.es\/index.php\/wp-json\/wp\/v2\/media\/4223"}],"wp:attachment":[{"href":"https:\/\/eldestaque.es\/index.php\/wp-json\/wp\/v2\/media?parent=4221"}],"wp:term":[{"taxonomy":"category","embeddable":true,"href":"https:\/\/eldestaque.es\/index.php\/wp-json\/wp\/v2\/categories?post=4221"},{"taxonomy":"post_tag","embeddable":true,"href":"https:\/\/eldestaque.es\/index.php\/wp-json\/wp\/v2\/tags?post=4221"}],"curies":[{"name":"wp","href":"https:\/\/api.w.org\/{rel}","templated":true}]}}