{"id":4023,"date":"2025-09-11T16:35:33","date_gmt":"2025-09-11T14:35:33","guid":{"rendered":"https:\/\/eldestaque.es\/?p=4023"},"modified":"2025-09-11T16:35:33","modified_gmt":"2025-09-11T14:35:33","slug":"en-el-corazon-de-mato-grosso-do-sul-un-acto-de-resistencia-literaria-flib-2025-desafia-el-borrado-cultural","status":"publish","type":"post","link":"https:\/\/eldestaque.es\/index.php\/2025\/09\/11\/en-el-corazon-de-mato-grosso-do-sul-un-acto-de-resistencia-literaria-flib-2025-desafia-el-borrado-cultural\/","title":{"rendered":"En el coraz\u00f3n de Mato Grosso do Sul, un acto de resistencia literaria: FLIB 2025 desaf\u00eda el borrado cultural"},"content":{"rendered":"\n<p><strong>Del 17 al 21 de septiembre<\/strong>, la ciudad de&nbsp;<strong>Bonito (MS)<\/strong>&nbsp;ser\u00e1 sede de la&nbsp;<strong>9\u00aa edici\u00f3n de la FLIB \u2013 Feria Literaria de Bonito<\/strong>, con el tema&nbsp;<em>\u201cLiteratura: la autor\u00eda, el arte y la vida\u201d<\/em>. El evento celebra la fuerza de las voces femeninas en la literatura y se proyecta hacia una d\u00e9cada de existencia como s\u00edmbolo de supervivencia y potencia cultural en el coraz\u00f3n del Pantanal sur-mato-grossense.<\/p>\n\n\n\n<p>Reconocida como el mayor encuentro literario de Mato Grosso do Sul, la FLIB llega a su pen\u00faltima edici\u00f3n antes de alcanzar un hito hist\u00f3rico en 2026: su d\u00e9cima edici\u00f3n. En estos casi diez a\u00f1os, el evento ha consolidado su papel como un espacio de resistencia, promoci\u00f3n cultural y democratizaci\u00f3n del acceso a la literatura.<\/p>\n\n\n\n<p>Este a\u00f1o, la feria rinde homenaje a dos grandes autoras que personifican la fuerza transformadora de la palabra:&nbsp;<strong>Flora Eg\u00eddio Thom\u00e9<\/strong>, del estado de Mato Grosso do Sul, y&nbsp;<strong>Carolina Maria de Jesus<\/strong>, de Minas Gerais. Una es reconocida por su labor incansable en la educaci\u00f3n y la preservaci\u00f3n de la memoria regional; la otra, por su escritura potente sobre la vida en las favelas brasile\u00f1as, que ha resonado en todo el mundo.<\/p>\n\n\n\n<p>La programaci\u00f3n de&nbsp;<strong>FLIB 2025<\/strong>&nbsp;cuenta con m\u00e1s de&nbsp;<strong>60 actividades gratuitas<\/strong>, incluyendo&nbsp;<strong>19 expositores<\/strong>,&nbsp;<strong>25 autores regionales<\/strong>,&nbsp;<strong>10 autores nacionales<\/strong>&nbsp;y&nbsp;<strong>10 atracciones musicales<\/strong>. Se espera un p\u00fablico de m\u00e1s de&nbsp;<strong>10 mil personas<\/strong>, con la participaci\u00f3n activa de m\u00e1s de&nbsp;<strong>3 mil estudiantes de la red p\u00fablica<\/strong>. Entre los escritores confirmados se encuentran nombres como&nbsp;<strong>Aline Bei<\/strong>,&nbsp;<strong>Henrique Rodrigues<\/strong>,&nbsp;<strong>Keka Reis<\/strong>,&nbsp;<strong>Julio Maria<\/strong>, adem\u00e1s de autores regionales como&nbsp;<strong>Luciano Serafim<\/strong>,&nbsp;<strong>Carlos Magno Amarilha<\/strong>&nbsp;y&nbsp;<strong>Wanderson Fonseca<\/strong>, entre otros.<\/p>\n\n\n\n<p>Seg\u00fan la curadora del evento,&nbsp;<strong>Maria Ad\u00e9lia Menegazzo<\/strong>, la FLIB es mucho m\u00e1s que una feria:<\/p>\n\n\n\n<blockquote class=\"wp-block-quote is-layout-flow wp-block-quote-is-layout-flow\">\n<p><em>\u201cLa FLIB es un espacio donde la literatura late en m\u00faltiples voces, formatos y vivencias. En esta edici\u00f3n, queremos destacar la potencia de la autor\u00eda, especialmente la que nace desde los m\u00e1rgenes, de los territorios diversos y de las experiencias plurales. M\u00e1s que una feria, es un movimiento de encuentro entre el arte, la vida y la imaginaci\u00f3n colectiva.\u201d<\/em><\/p>\n<\/blockquote>\n\n\n\n<p>Creada en 2015, la FLIB ha promovido durante casi una d\u00e9cada el di\u00e1logo entre literatura, educaci\u00f3n y comunidad, con una programaci\u00f3n pensada especialmente para el p\u00fablico infantil, juvenil y escolar. Charlas, mesas redondas, lanzamientos de libros, talleres, espect\u00e1culos y acciones formativas fortalecen de forma concreta la cadena del libro en el estado.<\/p>\n\n\n\n<p>La&nbsp;<strong>FLIB 2025<\/strong>&nbsp;reafirma su lugar en el escenario literario brasile\u00f1o como un espacio de pluralidad, resistencia y pertenencia cultural. Y ya prepara el camino hacia&nbsp;<strong>2026<\/strong>, cuando celebrar\u00e1 su d\u00e9cima edici\u00f3n \u2014un logro significativo en un pa\u00eds donde los eventos literarios enfrentan constantes desaf\u00edos de continuidad.<\/p>\n\n\n\n<p>El evento es una realizaci\u00f3n de la&nbsp;<strong>Prefeitura Municipal de Bonito<\/strong>, el&nbsp;<strong>diputado federal Vander Loubet<\/strong>, el&nbsp;<strong>Ministerio de Cultura<\/strong>&nbsp;y el&nbsp;<strong>Gobierno del Estado de Mato Grosso do Sul<\/strong>, con el apoyo de diversas instituciones culturales y empresas colaboradoras. El proyecto fue contemplado por el&nbsp;<strong>Plano Nacional Aldir Blanc \u2013 PNAB<\/strong>, a trav\u00e9s de la&nbsp;<strong>Fundaci\u00f3n de Cultura de Mato Grosso do Sul<\/strong>.<\/p>\n\n\n\n<hr class=\"wp-block-separator has-alpha-channel-opacity\"\/>\n\n\n\n<h3 class=\"wp-block-heading\"><strong>Informaci\u00f3n general:<\/strong><\/h3>\n\n\n\n<p><strong>FLIB \u2013 Feria Literaria de Bonito 2025<\/strong><br><strong>Plaza de la Libertad \u2013 Bonito (MS)<\/strong><br><strong>Del 17 al 21 de septiembre de 2025<\/strong><br>&nbsp;<strong>Entrada gratuita<\/strong><br>M\u00e1s informaci\u00f3n:&nbsp;<a href=\"https:\/\/www.instagram.com\/flibonito\" target=\"_blank\" rel=\"noreferrer noopener\">@flibonito<\/a><\/p>\n","protected":false},"excerpt":{"rendered":"<p>Del 17 al 21 de septiembre, la ciudad de&nbsp;Bonito (MS)&nbsp;ser\u00e1 sede de la&nbsp;9\u00aa edici\u00f3n de la FLIB \u2013 Feria Literaria de Bonito, con el tema&nbsp;\u201cLiteratura: la autor\u00eda, el arte y la vida\u201d. El evento celebra la fuerza de las voces femeninas en la literatura y se proyecta hacia una d\u00e9cada de existencia como s\u00edmbolo de [&hellip;]<\/p>\n","protected":false},"author":2,"featured_media":4024,"comment_status":"open","ping_status":"open","sticky":false,"template":"","format":"standard","meta":{"jnews-multi-image_gallery":[],"jnews_single_post":{"format":"standard"},"jnews_primary_category":[],"footnotes":""},"categories":[17],"tags":[],"class_list":["post-4023","post","type-post","status-publish","format-standard","has-post-thumbnail","hentry","category-cultura"],"aioseo_notices":[],"_links":{"self":[{"href":"https:\/\/eldestaque.es\/index.php\/wp-json\/wp\/v2\/posts\/4023","targetHints":{"allow":["GET"]}}],"collection":[{"href":"https:\/\/eldestaque.es\/index.php\/wp-json\/wp\/v2\/posts"}],"about":[{"href":"https:\/\/eldestaque.es\/index.php\/wp-json\/wp\/v2\/types\/post"}],"author":[{"embeddable":true,"href":"https:\/\/eldestaque.es\/index.php\/wp-json\/wp\/v2\/users\/2"}],"replies":[{"embeddable":true,"href":"https:\/\/eldestaque.es\/index.php\/wp-json\/wp\/v2\/comments?post=4023"}],"version-history":[{"count":1,"href":"https:\/\/eldestaque.es\/index.php\/wp-json\/wp\/v2\/posts\/4023\/revisions"}],"predecessor-version":[{"id":4025,"href":"https:\/\/eldestaque.es\/index.php\/wp-json\/wp\/v2\/posts\/4023\/revisions\/4025"}],"wp:featuredmedia":[{"embeddable":true,"href":"https:\/\/eldestaque.es\/index.php\/wp-json\/wp\/v2\/media\/4024"}],"wp:attachment":[{"href":"https:\/\/eldestaque.es\/index.php\/wp-json\/wp\/v2\/media?parent=4023"}],"wp:term":[{"taxonomy":"category","embeddable":true,"href":"https:\/\/eldestaque.es\/index.php\/wp-json\/wp\/v2\/categories?post=4023"},{"taxonomy":"post_tag","embeddable":true,"href":"https:\/\/eldestaque.es\/index.php\/wp-json\/wp\/v2\/tags?post=4023"}],"curies":[{"name":"wp","href":"https:\/\/api.w.org\/{rel}","templated":true}]}}