{"id":3962,"date":"2025-06-22T17:16:14","date_gmt":"2025-06-22T15:16:14","guid":{"rendered":"https:\/\/eldestaque.es\/?p=3962"},"modified":"2025-06-22T17:16:15","modified_gmt":"2025-06-22T15:16:15","slug":"ainda-presenta-el-dia-despues-junto-a-vic-mirallas","status":"publish","type":"post","link":"https:\/\/eldestaque.es\/index.php\/2025\/06\/22\/ainda-presenta-el-dia-despues-junto-a-vic-mirallas\/","title":{"rendered":"Ainda presenta \u00abEl D\u00eda Despu\u00e9s\u00bb, junto a Vic Mirallas\u00a0"},"content":{"rendered":"\n<p>Ainda presenta \u201cEl D\u00eda Despu\u00e9s\u201d, una nueva colaboraci\u00f3n junto al m\u00fasico catal\u00e1n Vic Mirallas que llega como bonus track de su reciente \u00e1lbum Fuimos los dos. Con una atm\u00f3sfera envolvente y un pulso bossa hipnotizante, la canci\u00f3n se sumerge en un clima \u00edntimo donde la emotividad se filtra en cada arreglo y detalle.<\/p>\n\n\n\n<p>Lejos de cerrar una etapa, este lanzamiento reafirma la sensibilidad sonora del d\u00fao y anticipa lo que ser\u00e1 la presentaci\u00f3n oficial del disco el pr\u00f3ximo 22 de agosto en C Art Media, en Buenos Aires.<\/p>\n\n\n\n<p>Ainda vuelve a las ra\u00edces del dueto con \u00abFuimos los dos\u00bb, su nuevo \u00e1lbum que refuerza la esencia de la banda como un di\u00e1logo constante entre dos voces, explorando la complicidad y la narrativa compartida. El t\u00edtulo mismo, tomado de una frase de \u00ab\u00c9ramos lo m\u00e1s\u00bb, sintetiza esta idea: una historia contada a dos voces, donde cada canci\u00f3n es un reflejo de ese intercambio \u00edntimo y genuino.<\/p>\n\n\n\n<p>La b\u00fasqueda sonora de \u00abFuimos los dos\u00bb est\u00e1 marcada por una producci\u00f3n inspirada en la d\u00e9cada del 70 y la incorporaci\u00f3n de arreglos orquestales que le dan una atm\u00f3sfera cinematogr\u00e1fica. M\u00e1s all\u00e1 de las letras, que juegan con matices y sutilezas, es la riqueza instrumental y la producci\u00f3n detallada lo que define la identidad del disco. Desde el inicio del proceso en Espa\u00f1a a principios de 2023, Ainda explor\u00f3 diversas formas de composici\u00f3n: colaboraciones con amigos, creaciones individuales y canciones surgidas en conjunto. \u00abTu Soledad y la M\u00eda\u00bb y \u00abLo Importante\u00bb fueron las primeras piezas en consolidar la identidad del \u00e1lbum, dando el puntapi\u00e9 a un trabajo que se fue construyendo de manera org\u00e1nica.<\/p>\n\n\n\n<p>Producido por Nico Cotton y Nico Btesh y con arreglos orquestales de Leo y Luna Sujatovich, \u00abFuimos los dos\u00bb es el proyecto m\u00e1s ambicioso de Ainda hasta la fecha. Con m\u00e1s de 25 m\u00fasicos involucrados y una producci\u00f3n meticulosa, la dificultad de coordinar tantas agendas se vio recompensada con un resultado que super\u00f3 las expectativas: un disco que no solo mantiene la esencia del d\u00fao, sino que la potencia a trav\u00e9s de una instrumentaci\u00f3n grandiosa y una narrativa emotiva. Con este lanzamiento, Ainda reafirma su lugar dentro de la escena musical, apostando por la emotividad y la profundidad sonora en cada detalle.<\/p>\n","protected":false},"excerpt":{"rendered":"<p>Ainda presenta \u201cEl D\u00eda Despu\u00e9s\u201d, una nueva colaboraci\u00f3n junto al m\u00fasico catal\u00e1n Vic Mirallas que llega como bonus track de su reciente \u00e1lbum Fuimos los dos. Con una atm\u00f3sfera envolvente y un pulso bossa hipnotizante, la canci\u00f3n se sumerge en un clima \u00edntimo donde la emotividad se filtra en cada arreglo y detalle. Lejos de [&hellip;]<\/p>\n","protected":false},"author":2,"featured_media":3963,"comment_status":"open","ping_status":"open","sticky":false,"template":"","format":"standard","meta":{"jnews-multi-image_gallery":[],"jnews_single_post":{"format":"standard"},"jnews_primary_category":[],"footnotes":""},"categories":[58],"tags":[],"class_list":["post-3962","post","type-post","status-publish","format-standard","has-post-thumbnail","hentry","category-musica"],"aioseo_notices":[],"_links":{"self":[{"href":"https:\/\/eldestaque.es\/index.php\/wp-json\/wp\/v2\/posts\/3962","targetHints":{"allow":["GET"]}}],"collection":[{"href":"https:\/\/eldestaque.es\/index.php\/wp-json\/wp\/v2\/posts"}],"about":[{"href":"https:\/\/eldestaque.es\/index.php\/wp-json\/wp\/v2\/types\/post"}],"author":[{"embeddable":true,"href":"https:\/\/eldestaque.es\/index.php\/wp-json\/wp\/v2\/users\/2"}],"replies":[{"embeddable":true,"href":"https:\/\/eldestaque.es\/index.php\/wp-json\/wp\/v2\/comments?post=3962"}],"version-history":[{"count":1,"href":"https:\/\/eldestaque.es\/index.php\/wp-json\/wp\/v2\/posts\/3962\/revisions"}],"predecessor-version":[{"id":3964,"href":"https:\/\/eldestaque.es\/index.php\/wp-json\/wp\/v2\/posts\/3962\/revisions\/3964"}],"wp:featuredmedia":[{"embeddable":true,"href":"https:\/\/eldestaque.es\/index.php\/wp-json\/wp\/v2\/media\/3963"}],"wp:attachment":[{"href":"https:\/\/eldestaque.es\/index.php\/wp-json\/wp\/v2\/media?parent=3962"}],"wp:term":[{"taxonomy":"category","embeddable":true,"href":"https:\/\/eldestaque.es\/index.php\/wp-json\/wp\/v2\/categories?post=3962"},{"taxonomy":"post_tag","embeddable":true,"href":"https:\/\/eldestaque.es\/index.php\/wp-json\/wp\/v2\/tags?post=3962"}],"curies":[{"name":"wp","href":"https:\/\/api.w.org\/{rel}","templated":true}]}}