{"id":3836,"date":"2025-01-15T13:31:54","date_gmt":"2025-01-15T12:31:54","guid":{"rendered":"https:\/\/eldestaque.es\/?p=3836"},"modified":"2025-01-15T13:31:55","modified_gmt":"2025-01-15T12:31:55","slug":"miranda-vuelve-a-corrientes-en-buenos-aires","status":"publish","type":"post","link":"https:\/\/eldestaque.es\/index.php\/2025\/01\/15\/miranda-vuelve-a-corrientes-en-buenos-aires\/","title":{"rendered":"Miranda! vuelve a Corrientes, en Buenos Aires"},"content":{"rendered":"\n<p>Los reyes del pop se presentar\u00e1n el&nbsp;<strong>15 de marzo<\/strong>&nbsp;a las 21 horas en Concepto Yapir\u00e9 (Corrientes, Argentina). Las entradas anticipadas se pueden adquirir a trav\u00e9s de&nbsp;<strong><a href=\"http:\/\/paseshow.com.ar\/\" target=\"_blank\" rel=\"noreferrer noopener\">paseshow.com.ar<\/a><\/strong>&nbsp;y en los puntos de ventas oficiales ubicados en Audiocenter (Mendoza 765, Corrientes) y Audiocenter \/ Local 11 (Sarmiento Shopping, Resistencia).<\/p>\n\n\n\n<p><strong>Miranda!&nbsp;<\/strong>est\u00e1 causando furor en la escena de la m\u00fasica latina. La banda tiene casi 9 millones de oyentes mensuales en Spotify y en su canal oficial de YouTube tienen m\u00e1s de 700.000 suscriptores, con m\u00e1s de 300 millones de reproducciones en todos sus videos musicales.&nbsp;<\/p>\n\n\n\n<p>Actualmente es el grupo pop m\u00e1s importante de los \u00faltimos tiempos del habla hispana, ovacionados y galardonados con las gaviotas de oro y plata en la reciente edici\u00f3n del Festival de Vi\u00f1a del Mar.&nbsp;<\/p>\n\n\n\n<p>El \u00faltimo \u00e1lbum<em>&nbsp;Hotel Miranda!<\/em>&nbsp;lleva al momento m\u00e1s de 300M de streams logrando ser uno de los trabajos discogr\u00e1ficos m\u00e1s exitosos de la banda en su carrera. All\u00ed el d\u00fao se une a exponentes de la nueva generaci\u00f3n como Mar\u00eda Becerra, FMK, Catriel, Emilia, Bandalos Chinos, Sof\u00eda Reyes, Francisca Valenzuela, Juan Ingaramo y grandes \u00eddolos de la canci\u00f3n popular como Cristian Castro, Chano, Andr\u00e9s Calamaro, Lali y Emmanuel Horvilleur.&nbsp;<strong>Miranda!&nbsp;<\/strong>eligi\u00f3 de su incontable cantidad de hits, 12 para reversionar junto a una gran variedad de artistas y productores, convirtiendo esta obra en una de las m\u00e1s escuchadas en la actualidad.<strong>&nbsp;<\/strong><em>Hotel Miranda!<\/em>&nbsp;recibi\u00f3 el Gardel de Oro, el premio m\u00e1s importante de la industria musical argentina.<\/p>\n\n\n\n<p>+info:<\/p>\n\n\n\n<p>@electrorock_producciones<\/p>\n\n\n\n<p>Entradas online:<\/p>\n\n\n\n<figure class=\"wp-block-embed\"><div class=\"wp-block-embed__wrapper\">\nhttps:\/\/www.paseshow.com.ar\/eventos\/miranda-corrientes-15-marzo-2025\n<\/div><\/figure>\n","protected":false},"excerpt":{"rendered":"<p>Los reyes del pop se presentar\u00e1n el&nbsp;15 de marzo&nbsp;a las 21 horas en Concepto Yapir\u00e9 (Corrientes, Argentina). Las entradas anticipadas se pueden adquirir a trav\u00e9s de&nbsp;paseshow.com.ar&nbsp;y en los puntos de ventas oficiales ubicados en Audiocenter (Mendoza 765, Corrientes) y Audiocenter \/ Local 11 (Sarmiento Shopping, Resistencia). Miranda!&nbsp;est\u00e1 causando furor en la escena de la m\u00fasica [&hellip;]<\/p>\n","protected":false},"author":2,"featured_media":3837,"comment_status":"open","ping_status":"open","sticky":false,"template":"","format":"standard","meta":{"jnews-multi-image_gallery":[],"jnews_single_post":{"subtitle":"","format":"standard","video":"","gallery":"","source_name":"","source_url":"","via_name":"","via_url":"","override_template":"0","override":[{"template":"3","single_blog_custom":"","parallax":"1","fullscreen":"0","layout":"right-sidebar","sidebar":"default-sidebar","second_sidebar":"default-sidebar","sticky_sidebar":"1","share_position":"top","share_float_style":"share-monocrhome","show_share_counter":"0","show_view_counter":"0","show_featured":"1","show_post_meta":"1","show_post_author":"1","show_post_author_image":"1","show_post_date":"1","post_date_format":"default","post_date_format_custom":"Y\/m\/d","show_post_category":"1","show_post_reading_time":"0","post_reading_time_wpm":"300","show_zoom_button":"0","zoom_button_out_step":"2","zoom_button_in_step":"3","show_post_tag":"1","show_prev_next_post":"1","show_popup_post":"1","number_popup_post":"1","show_author_box":"1","show_post_related":"0","show_inline_post_related":"0"}],"override_image_size":"0","image_override":[{"single_post_thumbnail_size":"crop-500","single_post_gallery_size":"crop-500"}],"trending_post":"0","trending_post_position":"meta","trending_post_label":"tendendo","sponsored_post":"0","sponsored_post_label":"Patrocinado por","sponsored_post_name":"","sponsored_post_url":"","sponsored_post_logo_enable":"0","sponsored_post_logo":"","sponsored_post_desc":"","disable_ad":"0"},"jnews_primary_category":{"id":"","hide":""},"footnotes":""},"categories":[58],"tags":[],"class_list":["post-3836","post","type-post","status-publish","format-standard","has-post-thumbnail","hentry","category-musica"],"aioseo_notices":[],"_links":{"self":[{"href":"https:\/\/eldestaque.es\/index.php\/wp-json\/wp\/v2\/posts\/3836","targetHints":{"allow":["GET"]}}],"collection":[{"href":"https:\/\/eldestaque.es\/index.php\/wp-json\/wp\/v2\/posts"}],"about":[{"href":"https:\/\/eldestaque.es\/index.php\/wp-json\/wp\/v2\/types\/post"}],"author":[{"embeddable":true,"href":"https:\/\/eldestaque.es\/index.php\/wp-json\/wp\/v2\/users\/2"}],"replies":[{"embeddable":true,"href":"https:\/\/eldestaque.es\/index.php\/wp-json\/wp\/v2\/comments?post=3836"}],"version-history":[{"count":1,"href":"https:\/\/eldestaque.es\/index.php\/wp-json\/wp\/v2\/posts\/3836\/revisions"}],"predecessor-version":[{"id":3838,"href":"https:\/\/eldestaque.es\/index.php\/wp-json\/wp\/v2\/posts\/3836\/revisions\/3838"}],"wp:featuredmedia":[{"embeddable":true,"href":"https:\/\/eldestaque.es\/index.php\/wp-json\/wp\/v2\/media\/3837"}],"wp:attachment":[{"href":"https:\/\/eldestaque.es\/index.php\/wp-json\/wp\/v2\/media?parent=3836"}],"wp:term":[{"taxonomy":"category","embeddable":true,"href":"https:\/\/eldestaque.es\/index.php\/wp-json\/wp\/v2\/categories?post=3836"},{"taxonomy":"post_tag","embeddable":true,"href":"https:\/\/eldestaque.es\/index.php\/wp-json\/wp\/v2\/tags?post=3836"}],"curies":[{"name":"wp","href":"https:\/\/api.w.org\/{rel}","templated":true}]}}