{"id":3072,"date":"2023-07-16T23:38:45","date_gmt":"2023-07-16T21:38:45","guid":{"rendered":"https:\/\/eldestaque.es\/?p=3072"},"modified":"2023-07-17T02:43:54","modified_gmt":"2023-07-17T00:43:54","slug":"brasilenos-curry-blankets-lanza-dilemma-su-nuevo-album-de-estudio","status":"publish","type":"post","link":"https:\/\/eldestaque.es\/index.php\/2023\/07\/16\/brasilenos-curry-blankets-lanza-dilemma-su-nuevo-album-de-estudio\/","title":{"rendered":"Brasile\u00f1os Curry &#038; Blankets lanza \u00abDilemma\u00bb: su nuevo \u00e1lbum de estudio"},"content":{"rendered":"\n<p>La banda de indie y rock Curry &amp; Blankets, formada por los m\u00fasicos Gabriel Fagundes y Guilherme Franco, celebra este viernes (14) el lanzamiento de su m\u00e1s reciente \u00e1lbum de estudio, \u00abDilemma\u00bb. Este nuevo trabajo, que surgi\u00f3 durante el per\u00edodo de pandemia, ya est\u00e1 disponible en todas las plataformas digitales. Adem\u00e1s, el lanzamiento fue conmemorado con un in\u00e9dito concierto de presentaci\u00f3n que tuvo lugar ayer (13) en Porto Alegre.<\/p>\n\n\n\n<p>El t\u00edtulo resume por s\u00ed solo el tema principal del \u00e1lbum: Dilema. Las composiciones del \u00e1lbum abordan cuestionamientos e inseguridades t\u00edpicas de la transici\u00f3n de la adolescencia a la vida adulta. \u00abNos gusta el concepto de que un \u00e1lbum es un retrato de un per\u00edodo, como una fotograf\u00eda, y en nuestro caso fue un tiempo de muchas dudas en nuestras vidas\u00bb, a\u00f1ade el d\u00fao.<\/p>\n\n\n\n<p>Producido \u00edntegramente por la pareja, este \u00e1lbum es un laboratorio de mezclas r\u00edtmicas y relatos de vida personal. Los artistas buscan transmitir un sentido de urgencia y un grito de auxilio de aquellos que se sienten perdidos en un mundo nuevo y desconocido. \u00abQueremos transmitir la idea de que esta experiencia que hemos vivido no es solo nuestra, aunque la contemos a nuestra manera, es com\u00fan a todas las personas\u00bb, resaltan.<\/p>\n\n\n\n<p>Curiosamente, \u00abDilemma\u00bb surgi\u00f3 de forma inconsciente durante la pandemia, cuando Gabriel y Guilherme se vieron obligados a regresar a su ciudad natal, S\u00e3o Gabriel, en el interior de Rio Grande do Sul. Pasando la mayor parte del tiempo en casa, los m\u00fasicos comenzaron a tocar juntos con frecuencia y se dieron cuenta de que estaban componiendo nuevas canciones que ten\u00edan una unidad sonora. El \u00e1lbum consta de 7 canciones compuestas y grabadas entre 2020 y 2022, a partir de una serie de eventos que solo podr\u00edan haber ocurrido durante ese per\u00edodo.<\/p>\n\n\n\n<p>El d\u00fao no se limit\u00f3 al indie y rock, sino que tambi\u00e9n explor\u00f3 influencias musicales brasile\u00f1as, como el folclore de Rio Grande do Sul, el samba y el pagode, la guitarrada de Par\u00e1 y la percusi\u00f3n de Timbalada. Esta mezcla de influencias se desarroll\u00f3 de manera natural a medida que Gabriel y Guilherme compart\u00edan sus composiciones. Su fascinaci\u00f3n por los ritmos sincopados, caracter\u00edsticos de Brasil, creci\u00f3 gradualmente, y encontraron una forma de incorporarlos a su m\u00fasica.<\/p>\n\n\n\n<p>\u00abTodas las pistas de este EP son muy importantes para nosotros porque representan algo nuevo, un paso hacia lo desconocido. Adem\u00e1s de ser un reflejo de una realidad, tambi\u00e9n representan nuestra evoluci\u00f3n personal y el deseo casi ambicioso de dejar atr\u00e1s la imagen anticuada del rock con cara seria y ropa negra. Queremos mostrar que los g\u00e9neros musicales y tribus pueden unirse\u00bb, concluyen.<\/p>\n\n\n\n<p>Fue un per\u00edodo de gran importancia, pues se vivieron diferentes experiencias y un proceso creativo forzado por las condiciones que el mundo estaba atravesando, lo cual tambi\u00e9n afect\u00f3 a los amigos de la banda, creando un ambiente muy propicio para la creaci\u00f3n. La rutina alej\u00f3 a los dos m\u00fasicos de sus vidas y la duda estaba en el aire. La certeza de que algo coherente se estaba formando lleg\u00f3 tard\u00edamente, inconscientemente la idea del conjunto se fue formando.<\/p>\n\n\n\n<p>Show de prelanzamiento<\/p>\n\n\n\n<p>Para celebrar completamente el lanzamiento, el d\u00fao musical prepar\u00f3 un emocionante concierto de prelanzamiento del \u00e1lbum, que tuvo lugar ayer (13\/07) en Sola Craft Bar, en Porto Alegre. Con una energ\u00eda contagiosa y una propuesta sonora \u00fanica, Gabriel Fagundes y Guilherme Franco involucraron al p\u00fablico en una noche llena de emociones y canciones de su nuevo trabajo.<\/p>\n","protected":false},"excerpt":{"rendered":"<p>La banda de indie y rock Curry &amp; Blankets, formada por los m\u00fasicos Gabriel Fagundes y Guilherme Franco, celebra este viernes (14) el lanzamiento de su m\u00e1s reciente \u00e1lbum de estudio, \u00abDilemma\u00bb. Este nuevo trabajo, que surgi\u00f3 durante el per\u00edodo de pandemia, ya est\u00e1 disponible en todas las plataformas digitales. Adem\u00e1s, el lanzamiento fue conmemorado [&hellip;]<\/p>\n","protected":false},"author":2,"featured_media":3073,"comment_status":"open","ping_status":"open","sticky":false,"template":"","format":"standard","meta":{"jnews-multi-image_gallery":[],"jnews_single_post":{"subtitle":"","format":"standard","video":"","gallery":"","source_name":"","source_url":"","via_name":"","via_url":"","override_template":"0","override":[{"template":"3","single_blog_custom":"","parallax":"1","fullscreen":"0","layout":"right-sidebar","sidebar":"default-sidebar","second_sidebar":"default-sidebar","sticky_sidebar":"1","share_position":"top","share_float_style":"share-monocrhome","show_share_counter":"0","show_view_counter":"0","show_featured":"1","show_post_meta":"1","show_post_author":"1","show_post_author_image":"1","show_post_date":"1","post_date_format":"default","post_date_format_custom":"Y\/m\/d","show_post_category":"1","show_post_reading_time":"0","post_reading_time_wpm":"300","show_zoom_button":"0","zoom_button_out_step":"2","zoom_button_in_step":"3","show_post_tag":"1","show_prev_next_post":"1","show_popup_post":"1","number_popup_post":"1","show_author_box":"1","show_post_related":"0","show_inline_post_related":"0"}],"override_image_size":"0","image_override":[{"single_post_thumbnail_size":"crop-500","single_post_gallery_size":"crop-500"}],"trending_post":"0","trending_post_position":"meta","trending_post_label":"tendendo","sponsored_post":"0","sponsored_post_label":"Patrocinado por","sponsored_post_name":"","sponsored_post_url":"","sponsored_post_logo_enable":"0","sponsored_post_logo":"","sponsored_post_desc":"","disable_ad":"0"},"jnews_primary_category":{"id":"","hide":""},"footnotes":""},"categories":[58],"tags":[],"class_list":["post-3072","post","type-post","status-publish","format-standard","has-post-thumbnail","hentry","category-musica"],"aioseo_notices":[],"_links":{"self":[{"href":"https:\/\/eldestaque.es\/index.php\/wp-json\/wp\/v2\/posts\/3072","targetHints":{"allow":["GET"]}}],"collection":[{"href":"https:\/\/eldestaque.es\/index.php\/wp-json\/wp\/v2\/posts"}],"about":[{"href":"https:\/\/eldestaque.es\/index.php\/wp-json\/wp\/v2\/types\/post"}],"author":[{"embeddable":true,"href":"https:\/\/eldestaque.es\/index.php\/wp-json\/wp\/v2\/users\/2"}],"replies":[{"embeddable":true,"href":"https:\/\/eldestaque.es\/index.php\/wp-json\/wp\/v2\/comments?post=3072"}],"version-history":[{"count":1,"href":"https:\/\/eldestaque.es\/index.php\/wp-json\/wp\/v2\/posts\/3072\/revisions"}],"predecessor-version":[{"id":3074,"href":"https:\/\/eldestaque.es\/index.php\/wp-json\/wp\/v2\/posts\/3072\/revisions\/3074"}],"wp:featuredmedia":[{"embeddable":true,"href":"https:\/\/eldestaque.es\/index.php\/wp-json\/wp\/v2\/media\/3073"}],"wp:attachment":[{"href":"https:\/\/eldestaque.es\/index.php\/wp-json\/wp\/v2\/media?parent=3072"}],"wp:term":[{"taxonomy":"category","embeddable":true,"href":"https:\/\/eldestaque.es\/index.php\/wp-json\/wp\/v2\/categories?post=3072"},{"taxonomy":"post_tag","embeddable":true,"href":"https:\/\/eldestaque.es\/index.php\/wp-json\/wp\/v2\/tags?post=3072"}],"curies":[{"name":"wp","href":"https:\/\/api.w.org\/{rel}","templated":true}]}}